{"id":12185,"date":"2025-12-15T16:03:29","date_gmt":"2025-12-15T13:03:29","guid":{"rendered":"https:\/\/www.tammerbrands.fi\/?p=12185"},"modified":"2025-12-15T16:03:29","modified_gmt":"2025-12-15T13:03:29","slug":"the_collaboration_between_maku_and_teresa_valimaki_continues","status":"publish","type":"post","link":"https:\/\/www.tammerbrands.fi\/en\/the_collaboration_between_maku_and_teresa_valimaki_continues\/","title":{"rendered":"THE COLLABORATION BETWEEN MAKU AND TERESA V\u00c4LIM\u00c4KI CONTINUES"},"content":{"rendered":"<p>Teresa V\u00e4lim\u00e4ki \u2013 a top chef and beloved TV personality in Finland joined us in celebrating our Maku Kitchen Life 10th anniversary. Thanks to this collaboration, we have been able to enjoy Teresa&#8217;s recipes, professional tips, and videos throughout the fall of 2025. This collaboration provides home cooks with easy insights and delicious inspiration for everyday meals and special occasions.<\/p>\n<p>We have received feedback that our collaboration with Teresa V\u00e4lim\u00e4ki has been extremely well received by our retailers. <strong>Therefore we are delighted to announce that our wonderful collaboration with the Maku brand and Teresa V\u00e4lim\u00e4ki will continue until 2026.<\/strong><\/p>\n<p>Now is the time check availability at your store and join in the excitement of this wonderful new series.\u00a0 Place your order with your contact person, via sales email &#115;&#x61;&#108;&#x65;&#115;&#x40;&#116;&#x61;&#109;&#x6d;&#101;&#x72;b&#x72;a&#x6e;d&#x73;&#46;&#x66;i or directly from our TB24h webstore: www.tammerbrands24h.fi<\/p>\n<h5>WHICH FRYING PAN IS RIGHT FOR YOUR CUSTOMER?<\/h5>\n<p>Take advantage of our ready-made, high-quality materials to increase both your own and your customers&#8217; product knowledge and guide customers in choosing a frying pan that suits their cooking style and requirements.<\/p>\n<p><strong>Check the video <a href=\"https:\/\/www.youtube.com\/watch?v=PhNyUxY22xA\">here.<\/a><\/strong><\/p>\n<p><img decoding=\"async\" class=\"alignnone wp-image-12182\" src=\"https:\/\/www.tammerbrands.fi\/wp-content\/uploads\/2025\/12\/Maku10v_054_04-25.jpg\" alt=\"Teresa V\u00e4lim\u00e4ki\" width=\"547\" height=\"398\" srcset=\"https:\/\/www.tammerbrands.fi\/wp-content\/uploads\/2025\/12\/Maku10v_054_04-25-200x145.jpg 200w, https:\/\/www.tammerbrands.fi\/wp-content\/uploads\/2025\/12\/Maku10v_054_04-25-300x218.jpg 300w, https:\/\/www.tammerbrands.fi\/wp-content\/uploads\/2025\/12\/Maku10v_054_04-25-400x291.jpg 400w, https:\/\/www.tammerbrands.fi\/wp-content\/uploads\/2025\/12\/Maku10v_054_04-25-600x436.jpg 600w, https:\/\/www.tammerbrands.fi\/wp-content\/uploads\/2025\/12\/Maku10v_054_04-25-768x559.jpg 768w, https:\/\/www.tammerbrands.fi\/wp-content\/uploads\/2025\/12\/Maku10v_054_04-25-800x582.jpg 800w, https:\/\/www.tammerbrands.fi\/wp-content\/uploads\/2025\/12\/Maku10v_054_04-25-1024x745.jpg 1024w, https:\/\/www.tammerbrands.fi\/wp-content\/uploads\/2025\/12\/Maku10v_054_04-25-1200x873.jpg 1200w, https:\/\/www.tammerbrands.fi\/wp-content\/uploads\/2025\/12\/Maku10v_054_04-25-1536x1117.jpg 1536w, https:\/\/www.tammerbrands.fi\/wp-content\/uploads\/2025\/12\/Maku10v_054_04-25.jpg 2560w\" sizes=\"(max-width: 547px) 100vw, 547px\" \/><\/p>\n<p><strong>The collaboration has been truly successful and it is wonderful to be able to continue on this shared path.<\/strong><\/p>\n<p><strong>Find out more about our collaboration with Teresa\u00a0<\/strong><a href=\"https:\/\/maku.kitchen\/en\/teresas-tips-and-recipes\/\"><strong>here<\/strong><\/a><strong>:\u00a0<\/strong><a href=\"https:\/\/maku.kitchen\/en\/teresas-tips-and-recipes\/\"><strong>https:\/\/maku.kitchen\/en\/teresas-tips-and-recipes\/<\/strong><\/a><\/p>\n","protected":false},"excerpt":{"rendered":"<p>Teresa V\u00e4lim\u00e4ki \u2013 a top chef and beloved TV personality in Finland joined us in celebrating our Maku Kitchen Life  [&#8230;]<\/p>\n","protected":false},"author":12,"featured_media":12180,"comment_status":"open","ping_status":"open","sticky":false,"template":"","format":"standard","meta":{"footnotes":""},"categories":[2],"tags":[421,410,389,388,420],"class_list":["post-12185","post","type-post","status-publish","format-standard","has-post-thumbnail","hentry","category-news","tag-collaboration","tag-maku-kitchen-life-en","tag-news","tag-uutiset-en","tag-yhteistyo"],"yoast_head":"<!-- This site is optimized with the Yoast SEO plugin v27.4 - https:\/\/yoast.com\/product\/yoast-seo-wordpress\/ -->\n<title>THE COLLABORATION BETWEEN MAKU AND TERESA V\u00c4LIM\u00c4KI CONTINUES - Tammer Brands<\/title>\n<meta name=\"description\" content=\"Teresa V\u00e4lim\u00e4ki \u2013 a top chef and beloved TV personality in Finland joined us in celebrating our Maku Kitchen Life 10th anniversary.\" \/>\n<meta name=\"robots\" content=\"index, follow, max-snippet:-1, max-image-preview:large, max-video-preview:-1\" \/>\n<link rel=\"canonical\" href=\"https:\/\/www.tammerbrands.fi\/en\/the_collaboration_between_maku_and_teresa_valimaki_continues\/\" \/>\n<meta property=\"og:locale\" content=\"en_US\" \/>\n<meta property=\"og:type\" content=\"article\" \/>\n<meta property=\"og:title\" content=\"THE COLLABORATION BETWEEN MAKU AND TERESA V\u00c4LIM\u00c4KI CONTINUES - Tammer Brands\" \/>\n<meta property=\"og:description\" content=\"Teresa V\u00e4lim\u00e4ki \u2013 a top chef and beloved TV personality in Finland joined us in celebrating our Maku Kitchen Life 10th anniversary.\" \/>\n<meta property=\"og:url\" content=\"https:\/\/www.tammerbrands.fi\/en\/the_collaboration_between_maku_and_teresa_valimaki_continues\/\" \/>\n<meta property=\"og:site_name\" content=\"Tammer Brands\" \/>\n<meta property=\"article:published_time\" content=\"2025-12-15T13:03:29+00:00\" \/>\n<meta property=\"og:image\" content=\"https:\/\/www.tammerbrands.fi\/wp-content\/uploads\/2025\/12\/ajankohtaista_Teresa_Maku.jpg\" \/>\n\t<meta property=\"og:image:width\" content=\"1600\" \/>\n\t<meta property=\"og:image:height\" content=\"900\" \/>\n\t<meta property=\"og:image:type\" content=\"image\/jpeg\" \/>\n<meta name=\"author\" content=\"Heli Pyykk\u00f6nen\" \/>\n<meta name=\"twitter:card\" content=\"summary_large_image\" \/>\n<meta name=\"twitter:label1\" content=\"Written by\" \/>\n\t<meta name=\"twitter:data1\" content=\"Heli Pyykk\u00f6nen\" \/>\n\t<meta name=\"twitter:label2\" content=\"Est. reading time\" \/>\n\t<meta name=\"twitter:data2\" content=\"2 minutes\" \/>\n<script type=\"application\/ld+json\" class=\"yoast-schema-graph\">{\"@context\":\"https:\\\/\\\/schema.org\",\"@graph\":[{\"@type\":\"Article\",\"@id\":\"https:\\\/\\\/www.tammerbrands.fi\\\/en\\\/the_collaboration_between_maku_and_teresa_valimaki_continues\\\/#article\",\"isPartOf\":{\"@id\":\"https:\\\/\\\/www.tammerbrands.fi\\\/en\\\/the_collaboration_between_maku_and_teresa_valimaki_continues\\\/\"},\"author\":{\"name\":\"Heli Pyykk\u00f6nen\",\"@id\":\"https:\\\/\\\/www.tammerbrands.fi\\\/#\\\/schema\\\/person\\\/ac9fb68dbb3267b76e8e4278a8d5c59a\"},\"headline\":\"THE COLLABORATION BETWEEN MAKU AND TERESA V\u00c4LIM\u00c4KI CONTINUES\",\"datePublished\":\"2025-12-15T13:03:29+00:00\",\"mainEntityOfPage\":{\"@id\":\"https:\\\/\\\/www.tammerbrands.fi\\\/en\\\/the_collaboration_between_maku_and_teresa_valimaki_continues\\\/\"},\"wordCount\":233,\"commentCount\":0,\"image\":{\"@id\":\"https:\\\/\\\/www.tammerbrands.fi\\\/en\\\/the_collaboration_between_maku_and_teresa_valimaki_continues\\\/#primaryimage\"},\"thumbnailUrl\":\"https:\\\/\\\/www.tammerbrands.fi\\\/wp-content\\\/uploads\\\/2025\\\/12\\\/ajankohtaista_Teresa_Maku.jpg\",\"keywords\":[\"collaboration\",\"maku Kitchen Life\",\"news\",\"uutiset\",\"yhteisty\u00f6\"],\"articleSection\":[\"News\"],\"inLanguage\":\"en-US\",\"potentialAction\":[{\"@type\":\"CommentAction\",\"name\":\"Comment\",\"target\":[\"https:\\\/\\\/www.tammerbrands.fi\\\/en\\\/the_collaboration_between_maku_and_teresa_valimaki_continues\\\/#respond\"]}]},{\"@type\":\"WebPage\",\"@id\":\"https:\\\/\\\/www.tammerbrands.fi\\\/en\\\/the_collaboration_between_maku_and_teresa_valimaki_continues\\\/\",\"url\":\"https:\\\/\\\/www.tammerbrands.fi\\\/en\\\/the_collaboration_between_maku_and_teresa_valimaki_continues\\\/\",\"name\":\"THE COLLABORATION BETWEEN MAKU AND TERESA V\u00c4LIM\u00c4KI CONTINUES - Tammer Brands\",\"isPartOf\":{\"@id\":\"https:\\\/\\\/www.tammerbrands.fi\\\/#website\"},\"primaryImageOfPage\":{\"@id\":\"https:\\\/\\\/www.tammerbrands.fi\\\/en\\\/the_collaboration_between_maku_and_teresa_valimaki_continues\\\/#primaryimage\"},\"image\":{\"@id\":\"https:\\\/\\\/www.tammerbrands.fi\\\/en\\\/the_collaboration_between_maku_and_teresa_valimaki_continues\\\/#primaryimage\"},\"thumbnailUrl\":\"https:\\\/\\\/www.tammerbrands.fi\\\/wp-content\\\/uploads\\\/2025\\\/12\\\/ajankohtaista_Teresa_Maku.jpg\",\"datePublished\":\"2025-12-15T13:03:29+00:00\",\"author\":{\"@id\":\"https:\\\/\\\/www.tammerbrands.fi\\\/#\\\/schema\\\/person\\\/ac9fb68dbb3267b76e8e4278a8d5c59a\"},\"description\":\"Teresa V\u00e4lim\u00e4ki \u2013 a top chef and beloved TV personality in Finland joined us in celebrating our Maku Kitchen Life 10th anniversary.\",\"breadcrumb\":{\"@id\":\"https:\\\/\\\/www.tammerbrands.fi\\\/en\\\/the_collaboration_between_maku_and_teresa_valimaki_continues\\\/#breadcrumb\"},\"inLanguage\":\"en-US\",\"potentialAction\":[{\"@type\":\"ReadAction\",\"target\":[\"https:\\\/\\\/www.tammerbrands.fi\\\/en\\\/the_collaboration_between_maku_and_teresa_valimaki_continues\\\/\"]}]},{\"@type\":\"ImageObject\",\"inLanguage\":\"en-US\",\"@id\":\"https:\\\/\\\/www.tammerbrands.fi\\\/en\\\/the_collaboration_between_maku_and_teresa_valimaki_continues\\\/#primaryimage\",\"url\":\"https:\\\/\\\/www.tammerbrands.fi\\\/wp-content\\\/uploads\\\/2025\\\/12\\\/ajankohtaista_Teresa_Maku.jpg\",\"contentUrl\":\"https:\\\/\\\/www.tammerbrands.fi\\\/wp-content\\\/uploads\\\/2025\\\/12\\\/ajankohtaista_Teresa_Maku.jpg\",\"width\":1600,\"height\":900,\"caption\":\"Maku X Teresa V\u00e4lim\u00e4ki\"},{\"@type\":\"BreadcrumbList\",\"@id\":\"https:\\\/\\\/www.tammerbrands.fi\\\/en\\\/the_collaboration_between_maku_and_teresa_valimaki_continues\\\/#breadcrumb\",\"itemListElement\":[{\"@type\":\"ListItem\",\"position\":1,\"name\":\"Home\",\"item\":\"https:\\\/\\\/www.tammerbrands.fi\\\/en\\\/\"},{\"@type\":\"ListItem\",\"position\":2,\"name\":\"THE COLLABORATION BETWEEN MAKU AND TERESA V\u00c4LIM\u00c4KI CONTINUES\"}]},{\"@type\":\"WebSite\",\"@id\":\"https:\\\/\\\/www.tammerbrands.fi\\\/#website\",\"url\":\"https:\\\/\\\/www.tammerbrands.fi\\\/\",\"name\":\"Tammer Brands\",\"description\":\"Mukana arjessa ja juhlassa\",\"potentialAction\":[{\"@type\":\"SearchAction\",\"target\":{\"@type\":\"EntryPoint\",\"urlTemplate\":\"https:\\\/\\\/www.tammerbrands.fi\\\/?s={search_term_string}\"},\"query-input\":{\"@type\":\"PropertyValueSpecification\",\"valueRequired\":true,\"valueName\":\"search_term_string\"}}],\"inLanguage\":\"en-US\"},{\"@type\":\"Person\",\"@id\":\"https:\\\/\\\/www.tammerbrands.fi\\\/#\\\/schema\\\/person\\\/ac9fb68dbb3267b76e8e4278a8d5c59a\",\"name\":\"Heli Pyykk\u00f6nen\",\"image\":{\"@type\":\"ImageObject\",\"inLanguage\":\"en-US\",\"@id\":\"https:\\\/\\\/secure.gravatar.com\\\/avatar\\\/98d34a16a135403b2fc469d8ff4ee13785a32d34ca0d5b98ee1a19b07f0c37c8?s=96&d=mm&r=g\",\"url\":\"https:\\\/\\\/secure.gravatar.com\\\/avatar\\\/98d34a16a135403b2fc469d8ff4ee13785a32d34ca0d5b98ee1a19b07f0c37c8?s=96&d=mm&r=g\",\"contentUrl\":\"https:\\\/\\\/secure.gravatar.com\\\/avatar\\\/98d34a16a135403b2fc469d8ff4ee13785a32d34ca0d5b98ee1a19b07f0c37c8?s=96&d=mm&r=g\",\"caption\":\"Heli Pyykk\u00f6nen\"},\"url\":\"https:\\\/\\\/www.tammerbrands.fi\\\/en\\\/author\\\/helip\\\/\"}]}<\/script>\n<!-- \/ Yoast SEO plugin. -->","yoast_head_json":{"title":"THE COLLABORATION BETWEEN MAKU AND TERESA V\u00c4LIM\u00c4KI CONTINUES - Tammer Brands","description":"Teresa V\u00e4lim\u00e4ki \u2013 a top chef and beloved TV personality in Finland joined us in celebrating our Maku Kitchen Life 10th anniversary.","robots":{"index":"index","follow":"follow","max-snippet":"max-snippet:-1","max-image-preview":"max-image-preview:large","max-video-preview":"max-video-preview:-1"},"canonical":"https:\/\/www.tammerbrands.fi\/en\/the_collaboration_between_maku_and_teresa_valimaki_continues\/","og_locale":"en_US","og_type":"article","og_title":"THE COLLABORATION BETWEEN MAKU AND TERESA V\u00c4LIM\u00c4KI CONTINUES - Tammer Brands","og_description":"Teresa V\u00e4lim\u00e4ki \u2013 a top chef and beloved TV personality in Finland joined us in celebrating our Maku Kitchen Life 10th anniversary.","og_url":"https:\/\/www.tammerbrands.fi\/en\/the_collaboration_between_maku_and_teresa_valimaki_continues\/","og_site_name":"Tammer Brands","article_published_time":"2025-12-15T13:03:29+00:00","og_image":[{"width":1600,"height":900,"url":"https:\/\/www.tammerbrands.fi\/wp-content\/uploads\/2025\/12\/ajankohtaista_Teresa_Maku.jpg","type":"image\/jpeg"}],"author":"Heli Pyykk\u00f6nen","twitter_card":"summary_large_image","twitter_misc":{"Written by":"Heli Pyykk\u00f6nen","Est. reading time":"2 minutes"},"schema":{"@context":"https:\/\/schema.org","@graph":[{"@type":"Article","@id":"https:\/\/www.tammerbrands.fi\/en\/the_collaboration_between_maku_and_teresa_valimaki_continues\/#article","isPartOf":{"@id":"https:\/\/www.tammerbrands.fi\/en\/the_collaboration_between_maku_and_teresa_valimaki_continues\/"},"author":{"name":"Heli Pyykk\u00f6nen","@id":"https:\/\/www.tammerbrands.fi\/#\/schema\/person\/ac9fb68dbb3267b76e8e4278a8d5c59a"},"headline":"THE COLLABORATION BETWEEN MAKU AND TERESA V\u00c4LIM\u00c4KI CONTINUES","datePublished":"2025-12-15T13:03:29+00:00","mainEntityOfPage":{"@id":"https:\/\/www.tammerbrands.fi\/en\/the_collaboration_between_maku_and_teresa_valimaki_continues\/"},"wordCount":233,"commentCount":0,"image":{"@id":"https:\/\/www.tammerbrands.fi\/en\/the_collaboration_between_maku_and_teresa_valimaki_continues\/#primaryimage"},"thumbnailUrl":"https:\/\/www.tammerbrands.fi\/wp-content\/uploads\/2025\/12\/ajankohtaista_Teresa_Maku.jpg","keywords":["collaboration","maku Kitchen Life","news","uutiset","yhteisty\u00f6"],"articleSection":["News"],"inLanguage":"en-US","potentialAction":[{"@type":"CommentAction","name":"Comment","target":["https:\/\/www.tammerbrands.fi\/en\/the_collaboration_between_maku_and_teresa_valimaki_continues\/#respond"]}]},{"@type":"WebPage","@id":"https:\/\/www.tammerbrands.fi\/en\/the_collaboration_between_maku_and_teresa_valimaki_continues\/","url":"https:\/\/www.tammerbrands.fi\/en\/the_collaboration_between_maku_and_teresa_valimaki_continues\/","name":"THE COLLABORATION BETWEEN MAKU AND TERESA V\u00c4LIM\u00c4KI CONTINUES - Tammer Brands","isPartOf":{"@id":"https:\/\/www.tammerbrands.fi\/#website"},"primaryImageOfPage":{"@id":"https:\/\/www.tammerbrands.fi\/en\/the_collaboration_between_maku_and_teresa_valimaki_continues\/#primaryimage"},"image":{"@id":"https:\/\/www.tammerbrands.fi\/en\/the_collaboration_between_maku_and_teresa_valimaki_continues\/#primaryimage"},"thumbnailUrl":"https:\/\/www.tammerbrands.fi\/wp-content\/uploads\/2025\/12\/ajankohtaista_Teresa_Maku.jpg","datePublished":"2025-12-15T13:03:29+00:00","author":{"@id":"https:\/\/www.tammerbrands.fi\/#\/schema\/person\/ac9fb68dbb3267b76e8e4278a8d5c59a"},"description":"Teresa V\u00e4lim\u00e4ki \u2013 a top chef and beloved TV personality in Finland joined us in celebrating our Maku Kitchen Life 10th anniversary.","breadcrumb":{"@id":"https:\/\/www.tammerbrands.fi\/en\/the_collaboration_between_maku_and_teresa_valimaki_continues\/#breadcrumb"},"inLanguage":"en-US","potentialAction":[{"@type":"ReadAction","target":["https:\/\/www.tammerbrands.fi\/en\/the_collaboration_between_maku_and_teresa_valimaki_continues\/"]}]},{"@type":"ImageObject","inLanguage":"en-US","@id":"https:\/\/www.tammerbrands.fi\/en\/the_collaboration_between_maku_and_teresa_valimaki_continues\/#primaryimage","url":"https:\/\/www.tammerbrands.fi\/wp-content\/uploads\/2025\/12\/ajankohtaista_Teresa_Maku.jpg","contentUrl":"https:\/\/www.tammerbrands.fi\/wp-content\/uploads\/2025\/12\/ajankohtaista_Teresa_Maku.jpg","width":1600,"height":900,"caption":"Maku X Teresa V\u00e4lim\u00e4ki"},{"@type":"BreadcrumbList","@id":"https:\/\/www.tammerbrands.fi\/en\/the_collaboration_between_maku_and_teresa_valimaki_continues\/#breadcrumb","itemListElement":[{"@type":"ListItem","position":1,"name":"Home","item":"https:\/\/www.tammerbrands.fi\/en\/"},{"@type":"ListItem","position":2,"name":"THE COLLABORATION BETWEEN MAKU AND TERESA V\u00c4LIM\u00c4KI CONTINUES"}]},{"@type":"WebSite","@id":"https:\/\/www.tammerbrands.fi\/#website","url":"https:\/\/www.tammerbrands.fi\/","name":"Tammer Brands","description":"Mukana arjessa ja juhlassa","potentialAction":[{"@type":"SearchAction","target":{"@type":"EntryPoint","urlTemplate":"https:\/\/www.tammerbrands.fi\/?s={search_term_string}"},"query-input":{"@type":"PropertyValueSpecification","valueRequired":true,"valueName":"search_term_string"}}],"inLanguage":"en-US"},{"@type":"Person","@id":"https:\/\/www.tammerbrands.fi\/#\/schema\/person\/ac9fb68dbb3267b76e8e4278a8d5c59a","name":"Heli Pyykk\u00f6nen","image":{"@type":"ImageObject","inLanguage":"en-US","@id":"https:\/\/secure.gravatar.com\/avatar\/98d34a16a135403b2fc469d8ff4ee13785a32d34ca0d5b98ee1a19b07f0c37c8?s=96&d=mm&r=g","url":"https:\/\/secure.gravatar.com\/avatar\/98d34a16a135403b2fc469d8ff4ee13785a32d34ca0d5b98ee1a19b07f0c37c8?s=96&d=mm&r=g","contentUrl":"https:\/\/secure.gravatar.com\/avatar\/98d34a16a135403b2fc469d8ff4ee13785a32d34ca0d5b98ee1a19b07f0c37c8?s=96&d=mm&r=g","caption":"Heli Pyykk\u00f6nen"},"url":"https:\/\/www.tammerbrands.fi\/en\/author\/helip\/"}]}},"_links":{"self":[{"href":"https:\/\/www.tammerbrands.fi\/en\/wp-json\/wp\/v2\/posts\/12185","targetHints":{"allow":["GET"]}}],"collection":[{"href":"https:\/\/www.tammerbrands.fi\/en\/wp-json\/wp\/v2\/posts"}],"about":[{"href":"https:\/\/www.tammerbrands.fi\/en\/wp-json\/wp\/v2\/types\/post"}],"author":[{"embeddable":true,"href":"https:\/\/www.tammerbrands.fi\/en\/wp-json\/wp\/v2\/users\/12"}],"replies":[{"embeddable":true,"href":"https:\/\/www.tammerbrands.fi\/en\/wp-json\/wp\/v2\/comments?post=12185"}],"version-history":[{"count":4,"href":"https:\/\/www.tammerbrands.fi\/en\/wp-json\/wp\/v2\/posts\/12185\/revisions"}],"predecessor-version":[{"id":12189,"href":"https:\/\/www.tammerbrands.fi\/en\/wp-json\/wp\/v2\/posts\/12185\/revisions\/12189"}],"wp:featuredmedia":[{"embeddable":true,"href":"https:\/\/www.tammerbrands.fi\/en\/wp-json\/wp\/v2\/media\/12180"}],"wp:attachment":[{"href":"https:\/\/www.tammerbrands.fi\/en\/wp-json\/wp\/v2\/media?parent=12185"}],"wp:term":[{"taxonomy":"category","embeddable":true,"href":"https:\/\/www.tammerbrands.fi\/en\/wp-json\/wp\/v2\/categories?post=12185"},{"taxonomy":"post_tag","embeddable":true,"href":"https:\/\/www.tammerbrands.fi\/en\/wp-json\/wp\/v2\/tags?post=12185"}],"curies":[{"name":"wp","href":"https:\/\/api.w.org\/{rel}","templated":true}]}}